{"id":512,"date":"2025-03-27T22:45:29","date_gmt":"2025-03-27T22:45:29","guid":{"rendered":"https:\/\/farangis.de\/neumithraeum\/?p=512"},"modified":"2025-03-27T22:45:44","modified_gmt":"2025-03-27T22:45:44","slug":"post-anthropozaenes-denken-2","status":"publish","type":"post","link":"https:\/\/farangis.de\/neumithraeum\/post-anthropozaenes-denken-2\/","title":{"rendered":"Post-anthropozaenes Denken (2)"},"content":{"rendered":"<p><a href=\"https:\/\/farangis.de\/neumithraeum\/wp-content\/uploads\/2025\/03\/tierautonomie_und_denken_1a.png\"><img decoding=\"async\" loading=\"lazy\" class=\"alignnone size-full wp-image-513\" src=\"https:\/\/farangis.de\/neumithraeum\/wp-content\/uploads\/2025\/03\/tierautonomie_und_denken_1a.png\" alt=\"\" width=\"1752\" height=\"1178\" srcset=\"https:\/\/farangis.de\/neumithraeum\/wp-content\/uploads\/2025\/03\/tierautonomie_und_denken_1a.png 1752w, https:\/\/farangis.de\/neumithraeum\/wp-content\/uploads\/2025\/03\/tierautonomie_und_denken_1a-300x202.png 300w, https:\/\/farangis.de\/neumithraeum\/wp-content\/uploads\/2025\/03\/tierautonomie_und_denken_1a-1024x689.png 1024w, https:\/\/farangis.de\/neumithraeum\/wp-content\/uploads\/2025\/03\/tierautonomie_und_denken_1a-768x516.png 768w, https:\/\/farangis.de\/neumithraeum\/wp-content\/uploads\/2025\/03\/tierautonomie_und_denken_1a-1536x1033.png 1536w, https:\/\/farangis.de\/neumithraeum\/wp-content\/uploads\/2025\/03\/tierautonomie_und_denken_1a-1200x807.png 1200w\" sizes=\"(max-width: 1752px) 100vw, 1752px\" \/><\/a><\/p>\n<p>Weltanschauliche Freiheit einfordern hei\u00dft, Mehrheitsmenschen m\u00fcssen anerkennen, dass es Inhalte gibt, die f\u00fcr eine post-anthropoz\u00e4ne Ausrichtung im Denken keinerlei Mehrwert besitzen.<\/p>\n<p>Fr\u00fcher schuf man ein Denken f\u00fcr &#8220;den Menschen&#8221;.<br \/>\nHeute muss jeder f\u00fcr sich selbst denken.<\/p>\n<p>Gruppe Messel<\/p>\n","protected":false},"excerpt":{"rendered":"<p>Weltanschauliche Freiheit einfordern hei\u00dft, Mehrheitsmenschen m\u00fcssen anerkennen, dass es Inhalte gibt, die f\u00fcr eine post-anthropoz\u00e4ne Ausrichtung im Denken keinerlei Mehrwert besitzen. Fr\u00fcher schuf man ein Denken f\u00fcr &#8220;den Menschen&#8221;. Heute muss jeder f\u00fcr sich selbst denken. Gruppe Messel<\/p>\n","protected":false},"author":1,"featured_media":0,"comment_status":"open","ping_status":"open","sticky":false,"template":"","format":"standard","meta":[],"categories":[20],"tags":[9],"_links":{"self":[{"href":"https:\/\/farangis.de\/neumithraeum\/wp-json\/wp\/v2\/posts\/512"}],"collection":[{"href":"https:\/\/farangis.de\/neumithraeum\/wp-json\/wp\/v2\/posts"}],"about":[{"href":"https:\/\/farangis.de\/neumithraeum\/wp-json\/wp\/v2\/types\/post"}],"author":[{"embeddable":true,"href":"https:\/\/farangis.de\/neumithraeum\/wp-json\/wp\/v2\/users\/1"}],"replies":[{"embeddable":true,"href":"https:\/\/farangis.de\/neumithraeum\/wp-json\/wp\/v2\/comments?post=512"}],"version-history":[{"count":1,"href":"https:\/\/farangis.de\/neumithraeum\/wp-json\/wp\/v2\/posts\/512\/revisions"}],"predecessor-version":[{"id":514,"href":"https:\/\/farangis.de\/neumithraeum\/wp-json\/wp\/v2\/posts\/512\/revisions\/514"}],"wp:attachment":[{"href":"https:\/\/farangis.de\/neumithraeum\/wp-json\/wp\/v2\/media?parent=512"}],"wp:term":[{"taxonomy":"category","embeddable":true,"href":"https:\/\/farangis.de\/neumithraeum\/wp-json\/wp\/v2\/categories?post=512"},{"taxonomy":"post_tag","embeddable":true,"href":"https:\/\/farangis.de\/neumithraeum\/wp-json\/wp\/v2\/tags?post=512"}],"curies":[{"name":"wp","href":"https:\/\/api.w.org\/{rel}","templated":true}]}}